{"id":2365,"date":"2025-11-24T12:41:23","date_gmt":"2025-11-24T11:41:23","guid":{"rendered":"https:\/\/www.villa-arthusbertrand.com\/?p=2365"},"modified":"2026-01-15T16:39:09","modified_gmt":"2026-01-15T15:39:09","slug":"la-villa-arthus-bertrand-x-gemo","status":"publish","type":"post","link":"https:\/\/www.villa-arthusbertrand.com\/en\/la-villa-arthus-bertrand-x-gemo\/","title":{"rendered":"Villa Arthus-Bertrand x G\u00c9MO"},"content":{"rendered":"<p>Summer 2025 promises to be bright, elegant, and committed with a collaboration between the fashion brand\u00a0<a href=\"https:\/\/www.gemo.fr\/\" rel=\"nofollow noopener\" target=\"_blank\"><strong>G\u00e9mo<\/strong><\/a>\u00a0and the <a href=\"https:\/\/www.villa-arthusbertrand.com\/en\/\"><strong>Arthus-Bertrand Villa<\/strong><\/a>, nestled in the heart of\u00a0<a href=\"https:\/\/www.villa-arthusbertrand.com\/en\/situation\/\"><strong>Bois de la Chaise in Noirmoutier<\/strong><\/a>. This partnership took shape in the form of an exclusive photo shoot showcasing G\u00e9mo's new summer collection in the enchanting setting of the Villa. One location, one brand, one shared vision: a summer that is both stylish and sustainable.<\/p>\n\n\n\n<div style=\"height:50px\" aria-hidden=\"true\" class=\"wp-block-spacer\"><\/div>\n\n\n\n<h2 class=\"wp-block-heading has-text-color has-link-color wp-elements-3d026ac615dd5249fcabbf68c949cc82\" style=\"color:#222d49\">An exceptional setting that enhances style<\/h2>\n\n\n\n<figure class=\"wp-block-image size-full\"><img fetchpriority=\"high\" decoding=\"async\" width=\"1800\" height=\"1200\" src=\"https:\/\/www.villa-arthusbertrand.com\/wp-content\/uploads\/2025\/11\/VAB-Exterieur-villa-piscine.jpg\" alt=\"\" class=\"wp-image-312\" title=\"\" srcset=\"https:\/\/www.villa-arthusbertrand.com\/wp-content\/uploads\/2025\/11\/VAB-Exterieur-villa-piscine.jpg 1800w, https:\/\/www.villa-arthusbertrand.com\/wp-content\/uploads\/2025\/11\/VAB-Exterieur-villa-piscine-300x200.jpg 300w, https:\/\/www.villa-arthusbertrand.com\/wp-content\/uploads\/2025\/11\/VAB-Exterieur-villa-piscine-1024x683.jpg 1024w, https:\/\/www.villa-arthusbertrand.com\/wp-content\/uploads\/2025\/11\/VAB-Exterieur-villa-piscine-768x512.jpg 768w, https:\/\/www.villa-arthusbertrand.com\/wp-content\/uploads\/2025\/11\/VAB-Exterieur-villa-piscine-1536x1024.jpg 1536w, https:\/\/www.villa-arthusbertrand.com\/wp-content\/uploads\/2025\/11\/VAB-Exterieur-villa-piscine-18x12.jpg 18w\" sizes=\"(max-width: 1800px) 100vw, 1800px\" \/><\/figure>\n\n\n\n<p>There are places that exude authenticity, serenity, and understated elegance. The\u00a0<a href=\"https:\/\/www.villa-arthusbertrand.com\/en\/\"><strong>Arthus-Bertrand Villa<\/strong><\/a>\u00a0is one such place. Surrounded by century-old oak trees and bathed in the soft light of the Atlantic coast, the Villa offers the perfect setting to showcase a summer collection. Every detail of this exceptional house\u2014its stone facades, sunny terrace, refined furniture, and even its\u00a0<a href=\"https:\/\/www.villa-arthusbertrand.com\/en\/villa-services\/\"><strong>heated pool<\/strong><\/a>\u00a0- creates a warm and soothing atmosphere. It is in this unique setting that <strong><a href=\"https:\/\/www.gemo.fr\/\" rel=\"nofollow noopener\" target=\"_blank\">G\u00e9mo<\/a><\/strong> has chosen to showcase its new collection, a line designed for sunny days, combining comfort, lightness and a casual look.<\/p>\n\n\n\n<div style=\"height:20px\" aria-hidden=\"true\" class=\"wp-block-spacer\"><\/div>\n\n\n\n<figure class=\"wp-block-image size-full\"><img decoding=\"async\" width=\"1400\" height=\"933\" src=\"https:\/\/www.villa-arthusbertrand.com\/wp-content\/uploads\/2025\/11\/VAB-la_terrasse.jpg\" alt=\"\" class=\"wp-image-311\" title=\"\" srcset=\"https:\/\/www.villa-arthusbertrand.com\/wp-content\/uploads\/2025\/11\/VAB-la_terrasse.jpg 1400w, https:\/\/www.villa-arthusbertrand.com\/wp-content\/uploads\/2025\/11\/VAB-la_terrasse-300x200.jpg 300w, https:\/\/www.villa-arthusbertrand.com\/wp-content\/uploads\/2025\/11\/VAB-la_terrasse-1024x682.jpg 1024w, https:\/\/www.villa-arthusbertrand.com\/wp-content\/uploads\/2025\/11\/VAB-la_terrasse-768x512.jpg 768w, https:\/\/www.villa-arthusbertrand.com\/wp-content\/uploads\/2025\/11\/VAB-la_terrasse-18x12.jpg 18w\" sizes=\"(max-width: 1400px) 100vw, 1400px\" \/><\/figure>\n\n\n\n<p>The choice of Villa Arthus-Bertrand was no accident. It perfectly embodies the French art of living, between nature,\u00a0<a href=\"https:\/\/www.villa-arthusbertrand.com\/en\/villa-services\/\"><strong>heritage<\/strong><\/a>\u00a0and gentle way of life. Far from the hustle and bustle of the city, it offers a space where time seems to stand still, where you can breathe, reconnect with yourself, and enjoy the moment. A philosophy that resonates fully with the spirit of G\u00e9mo's summer 2025 collection: clothes designed for real moments, in a natural, elegant, and inspiring setting.<\/p>\n\n\n\n<div style=\"height:50px\" aria-hidden=\"true\" class=\"wp-block-spacer\"><\/div>\n\n\n\n<h2 class=\"wp-block-heading has-text-color has-link-color wp-elements-7b1a2078aa57db281259d931911bf9f7\" style=\"color:#222d49\">A photo shoot that makes sense<\/h2>\n\n\n\n<p>For this shoot, G\u00e9mo unveiled a collection that embodies refined simplicity. The cuts are airy, the fabrics breathe, and the colors blend into the landscape. Long dresses, linen shirts, loose-fitting pants, and soft T-shirts in natural shades make up a summer wardrobe designed for everyone. These pieces are for those who want to combine style and well-being without compromise.<\/p>\n\n\n\n<div style=\"height:20px\" aria-hidden=\"true\" class=\"wp-block-spacer\"><\/div>\n\n\n\n<figure class=\"wp-block-gallery has-nested-images columns-default is-cropped wp-block-gallery-1 is-layout-flex wp-block-gallery-is-layout-flex\">\n<figure class=\"wp-block-image size-full\"><img decoding=\"async\" width=\"1707\" height=\"2560\" data-id=\"2949\" src=\"https:\/\/www.villa-arthusbertrand.com\/wp-content\/uploads\/2025\/11\/BEBE-GARCON-SOLO-ensemble-rouge-27-scaled.jpg\" alt=\"\" class=\"wp-image-2949\" title=\"\" srcset=\"https:\/\/www.villa-arthusbertrand.com\/wp-content\/uploads\/2025\/11\/BEBE-GARCON-SOLO-ensemble-rouge-27-scaled.jpg 1707w, https:\/\/www.villa-arthusbertrand.com\/wp-content\/uploads\/2025\/11\/BEBE-GARCON-SOLO-ensemble-rouge-27-200x300.jpg 200w, https:\/\/www.villa-arthusbertrand.com\/wp-content\/uploads\/2025\/11\/BEBE-GARCON-SOLO-ensemble-rouge-27-683x1024.jpg 683w, https:\/\/www.villa-arthusbertrand.com\/wp-content\/uploads\/2025\/11\/BEBE-GARCON-SOLO-ensemble-rouge-27-768x1152.jpg 768w, https:\/\/www.villa-arthusbertrand.com\/wp-content\/uploads\/2025\/11\/BEBE-GARCON-SOLO-ensemble-rouge-27-1024x1536.jpg 1024w, https:\/\/www.villa-arthusbertrand.com\/wp-content\/uploads\/2025\/11\/BEBE-GARCON-SOLO-ensemble-rouge-27-1365x2048.jpg 1365w, https:\/\/www.villa-arthusbertrand.com\/wp-content\/uploads\/2025\/11\/BEBE-GARCON-SOLO-ensemble-rouge-27-8x12.jpg 8w\" sizes=\"(max-width: 1707px) 100vw, 1707px\" \/><\/figure>\n\n\n\n<figure class=\"wp-block-image size-full\"><img loading=\"lazy\" decoding=\"async\" width=\"703\" height=\"1055\" data-id=\"2950\" src=\"https:\/\/www.villa-arthusbertrand.com\/wp-content\/uploads\/2025\/11\/Capture-decran-2026-01-15-a-16.32.07.png\" alt=\"\" class=\"wp-image-2950\" title=\"\" srcset=\"https:\/\/www.villa-arthusbertrand.com\/wp-content\/uploads\/2025\/11\/Capture-decran-2026-01-15-a-16.32.07.png 703w, https:\/\/www.villa-arthusbertrand.com\/wp-content\/uploads\/2025\/11\/Capture-decran-2026-01-15-a-16.32.07-200x300.png 200w, https:\/\/www.villa-arthusbertrand.com\/wp-content\/uploads\/2025\/11\/Capture-decran-2026-01-15-a-16.32.07-682x1024.png 682w, https:\/\/www.villa-arthusbertrand.com\/wp-content\/uploads\/2025\/11\/Capture-decran-2026-01-15-a-16.32.07-8x12.png 8w\" sizes=\"(max-width: 703px) 100vw, 703px\" \/><\/figure>\n<\/figure>\n\n\n\n<p>Beyond its aesthetic appeal, this collection also carries a strong message. For several years now, G\u00e9mo has been multiplying its initiatives to ensure that its production is in line with a sustainable development approach. <strong><a href=\"file:\/\/\/Users\/anaisdge\/Downloads\/663345a04f2cf_CharteEthique2023_24.pdf\">a more responsible approach<\/a><\/strong> These include the use of recycled materials, the reduction of plastic packaging, and the collection of clothes in stores to give them a second life. Manufacturing processes are also more transparent and ethical, in line with fashion that respects the environment as much as the people who produce it. G\u00e9mo affirms its local roots through European manufacturing, support for certified workshops and local solidarity partnerships, reinforcing its role as a committed player.<\/p>\n\n\n\n<div style=\"height:20px\" aria-hidden=\"true\" class=\"wp-block-spacer\"><\/div>\n\n\n\n<figure class=\"wp-block-gallery has-nested-images columns-default is-cropped wp-block-gallery-2 is-layout-flex wp-block-gallery-is-layout-flex\">\n<figure class=\"wp-block-image size-full\"><img loading=\"lazy\" decoding=\"async\" width=\"703\" height=\"1055\" data-id=\"2952\" src=\"https:\/\/www.villa-arthusbertrand.com\/wp-content\/uploads\/2025\/11\/Capture-decran-2026-01-15-a-16.31.39.png\" alt=\"\" class=\"wp-image-2952\" title=\"\" srcset=\"https:\/\/www.villa-arthusbertrand.com\/wp-content\/uploads\/2025\/11\/Capture-decran-2026-01-15-a-16.31.39.png 703w, https:\/\/www.villa-arthusbertrand.com\/wp-content\/uploads\/2025\/11\/Capture-decran-2026-01-15-a-16.31.39-200x300.png 200w, https:\/\/www.villa-arthusbertrand.com\/wp-content\/uploads\/2025\/11\/Capture-decran-2026-01-15-a-16.31.39-682x1024.png 682w, https:\/\/www.villa-arthusbertrand.com\/wp-content\/uploads\/2025\/11\/Capture-decran-2026-01-15-a-16.31.39-8x12.png 8w\" sizes=\"(max-width: 703px) 100vw, 703px\" \/><\/figure>\n\n\n\n<figure class=\"wp-block-image size-full\"><img loading=\"lazy\" decoding=\"async\" width=\"703\" height=\"1055\" data-id=\"2951\" src=\"https:\/\/www.villa-arthusbertrand.com\/wp-content\/uploads\/2025\/11\/Capture-decran-2026-01-15-a-16.31.51.png\" alt=\"\" class=\"wp-image-2951\" title=\"\" srcset=\"https:\/\/www.villa-arthusbertrand.com\/wp-content\/uploads\/2025\/11\/Capture-decran-2026-01-15-a-16.31.51.png 703w, https:\/\/www.villa-arthusbertrand.com\/wp-content\/uploads\/2025\/11\/Capture-decran-2026-01-15-a-16.31.51-200x300.png 200w, https:\/\/www.villa-arthusbertrand.com\/wp-content\/uploads\/2025\/11\/Capture-decran-2026-01-15-a-16.31.51-682x1024.png 682w, https:\/\/www.villa-arthusbertrand.com\/wp-content\/uploads\/2025\/11\/Capture-decran-2026-01-15-a-16.31.51-8x12.png 8w\" sizes=\"(max-width: 703px) 100vw, 703px\" \/><\/figure>\n<\/figure>\n\n\n\n<p>This partnership underlines the coherence between two companies that respect their environment and their stakeholders: G\u00c9MO, with its <strong><a href=\"file:\/\/\/Users\/anaisdge\/Downloads\/663345a04f2cf_CharteEthique2023_24.pdf\">responsible and inclusive fashion<\/a><\/strong>, and the Villa Arthus-Bertrand, which promotes artisans, local produce and the environment on a daily basis. Together, they offer an experience where quality, authenticity and simplicity cultivate the lasting pleasure of the present moment. More than a photoshoot, it's a meaningful project born of the meeting of two worlds sharing the same vision: to make ethics accessible without sacrificing high standards, and to privilege experience over overconsumption. A true way of life. A balance between pleasure and responsibility.<\/p>\n\n\n\n<div style=\"height:50px\" aria-hidden=\"true\" class=\"wp-block-spacer\"><\/div>\n\n\n\n<h2 class=\"wp-block-heading has-text-color has-link-color wp-elements-8fe29c3057aadd37b7d3c1b0ab8d29b4\" style=\"color:#222d49\">Atmosphere &amp; emotion: the soul of the shoot<\/h2>\n\n\n\n<p>What emerges from this series of photographs is not just a masterful aesthetic or a beautiful sequence of looks. It is an atmosphere. A breath. An emotion. The shoot, done in natural light, captured those moments that make summer so magical: a nap in the shade of pine trees, a stroll in the garden, quiet reading in a rattan armchair, shared laughter around\u00a0<a href=\"https:\/\/www.villa-arthusbertrand.com\/en\/villa-services\/\"><strong>the swimming pool<\/strong><\/a>.<\/p>\n\n\n\n<div style=\"height:20px\" aria-hidden=\"true\" class=\"wp-block-spacer\"><\/div>\n\n\n\n<figure class=\"wp-block-gallery has-nested-images columns-default is-cropped wp-block-gallery-3 is-layout-flex wp-block-gallery-is-layout-flex\">\n<figure class=\"wp-block-image size-full\"><img loading=\"lazy\" decoding=\"async\" width=\"701\" height=\"1055\" data-id=\"2953\" src=\"https:\/\/www.villa-arthusbertrand.com\/wp-content\/uploads\/2025\/11\/Capture-decran-2026-01-15-a-16.37.05.png\" alt=\"\" class=\"wp-image-2953\" title=\"\" srcset=\"https:\/\/www.villa-arthusbertrand.com\/wp-content\/uploads\/2025\/11\/Capture-decran-2026-01-15-a-16.37.05.png 701w, https:\/\/www.villa-arthusbertrand.com\/wp-content\/uploads\/2025\/11\/Capture-decran-2026-01-15-a-16.37.05-199x300.png 199w, https:\/\/www.villa-arthusbertrand.com\/wp-content\/uploads\/2025\/11\/Capture-decran-2026-01-15-a-16.37.05-680x1024.png 680w, https:\/\/www.villa-arthusbertrand.com\/wp-content\/uploads\/2025\/11\/Capture-decran-2026-01-15-a-16.37.05-8x12.png 8w\" sizes=\"(max-width: 701px) 100vw, 701px\" \/><\/figure>\n\n\n\n<figure class=\"wp-block-image size-full\"><img loading=\"lazy\" decoding=\"async\" width=\"701\" height=\"1055\" data-id=\"2957\" src=\"https:\/\/www.villa-arthusbertrand.com\/wp-content\/uploads\/2025\/11\/Capture-decran-2026-01-15-a-16.37.18.png\" alt=\"\" class=\"wp-image-2957\" title=\"\" srcset=\"https:\/\/www.villa-arthusbertrand.com\/wp-content\/uploads\/2025\/11\/Capture-decran-2026-01-15-a-16.37.18.png 701w, https:\/\/www.villa-arthusbertrand.com\/wp-content\/uploads\/2025\/11\/Capture-decran-2026-01-15-a-16.37.18-199x300.png 199w, https:\/\/www.villa-arthusbertrand.com\/wp-content\/uploads\/2025\/11\/Capture-decran-2026-01-15-a-16.37.18-680x1024.png 680w, https:\/\/www.villa-arthusbertrand.com\/wp-content\/uploads\/2025\/11\/Capture-decran-2026-01-15-a-16.37.18-8x12.png 8w\" sizes=\"(max-width: 701px) 100vw, 701px\" \/><\/figure>\n<\/figure>\n\n\n\n<p>Visit <strong><a href=\"https:\/\/www.villa-arthusbertrand.com\/en\/\">Arthus-Bertrand Villa<\/a><\/strong>, with its soft light and natural materials, acts like a cocoon. It envelops silhouettes, magnifies textures and amplifies sensations. It's not a question of posing, but of living, of feeling. Each photo tells a moment, a story, an impression. The setting never overhangs the scene, but complements it. This harmony between place and collection creates a sincere narrative, inviting us to slow down and be inspired.<\/p>\n\n\n\n<div style=\"height:50px\" aria-hidden=\"true\" class=\"wp-block-spacer\"><\/div>\n\n\n\n<h2 class=\"wp-block-heading has-text-color has-link-color wp-elements-055ec92b873225432207f571113e4d74\" style=\"color:#222d49\">An inspiring, elegant, and sustainable collaboration<\/h2>\n\n\n\n<figure class=\"wp-block-image size-full\"><img loading=\"lazy\" decoding=\"async\" width=\"1408\" height=\"1055\" src=\"https:\/\/www.villa-arthusbertrand.com\/wp-content\/uploads\/2025\/11\/Capture-decran-2026-01-15-a-16.36.30.png\" alt=\"\" class=\"wp-image-2954\" title=\"\" srcset=\"https:\/\/www.villa-arthusbertrand.com\/wp-content\/uploads\/2025\/11\/Capture-decran-2026-01-15-a-16.36.30.png 1408w, https:\/\/www.villa-arthusbertrand.com\/wp-content\/uploads\/2025\/11\/Capture-decran-2026-01-15-a-16.36.30-300x225.png 300w, https:\/\/www.villa-arthusbertrand.com\/wp-content\/uploads\/2025\/11\/Capture-decran-2026-01-15-a-16.36.30-1024x767.png 1024w, https:\/\/www.villa-arthusbertrand.com\/wp-content\/uploads\/2025\/11\/Capture-decran-2026-01-15-a-16.36.30-768x575.png 768w, https:\/\/www.villa-arthusbertrand.com\/wp-content\/uploads\/2025\/11\/Capture-decran-2026-01-15-a-16.36.30-16x12.png 16w\" sizes=\"(max-width: 1408px) 100vw, 1408px\" \/><\/figure>\n\n\n\n<p>This project between\u00a0<a href=\"https:\/\/www.gemo.fr\/\" rel=\"nofollow noopener\" target=\"_blank\"><strong>G\u00e9mo<\/strong><\/a>\u00a0and the\u00a0<a href=\"https:\/\/www.villa-arthusbertrand.com\/en\/\"><strong>Arthus-Bertrand Villa<\/strong><\/a>\u00a0embodies everything we expect from a successful collaboration: consistency, substance, form, and above all, meaning. It demonstrates that a place can become much more than a backdrop, that a collection can convey more than just style, and that an encounter between two worlds can result in something profound, elegant, and authentic.<\/p>\n\n\n\n<p>It is an invitation to reinvent our vacations, to rediscover the beauty of what is simple, natural, and sincere. A way of showing that fashion, when well thought out, can go hand in hand with respect, pleasure, and inspiration.<\/p>\n\n\n\n<div style=\"height:20px\" aria-hidden=\"true\" class=\"wp-block-spacer\"><\/div>\n\n\n\n<p><strong><a href=\"https:\/\/www.villa-arthusbertrand.com\/en\/\">Arthus-Bertrand Villa<\/a><\/strong><\/p>\n\n\n\n<p>9 All. de Chaillot,<\/p>\n\n\n\n<p>85330 Noirmoutier<\/p>\n\n\n\n<p>Phone:&nbsp;<strong><a href=\"http:\/\/02%2051%2068%2041%2081\/\" rel=\"nofollow\">+33 (0)2 51 68 41 81<\/a><\/strong><\/p>\n\n\n\n<p>Email:&nbsp;<strong><a href=\"mailto:contact@villa-arthusbertrand.com\">contact@villa-arthusbertrand.com<\/a><\/strong><\/p>","protected":false},"excerpt":{"rendered":"<p>L\u2019\u00e9t\u00e9 2025 s\u2019annonce lumineux, \u00e9l\u00e9gant et engag\u00e9 avec une collaboration entre la marque de mode\u00a0G\u00e9mo\u00a0et\u00a0la Villa Arthus-Bertrand, nich\u00e9e au c\u0153ur du\u00a0Bois de la Chaise \u00e0 Noirmoutier. Ce partenariat s\u2019est concr\u00e9tis\u00e9 par un shooting exclusif mettant en sc\u00e8ne la nouvelle collection estivale de G\u00e9mo dans le cadre enchanteur de la Villa. Un lieu, une marque, une [&hellip;]<\/p>\n","protected":false},"author":8,"featured_media":2366,"comment_status":"closed","ping_status":"closed","sticky":false,"template":"","format":"standard","meta":{"_acf_changed":false,"inline_featured_image":false,"footnotes":""},"categories":[15],"tags":[],"class_list":["post-2365","post","type-post","status-publish","format-standard","has-post-thumbnail","hentry","category-blog"],"acf":[],"_links":{"self":[{"href":"https:\/\/www.villa-arthusbertrand.com\/en\/wp-json\/wp\/v2\/posts\/2365","targetHints":{"allow":["GET"]}}],"collection":[{"href":"https:\/\/www.villa-arthusbertrand.com\/en\/wp-json\/wp\/v2\/posts"}],"about":[{"href":"https:\/\/www.villa-arthusbertrand.com\/en\/wp-json\/wp\/v2\/types\/post"}],"author":[{"embeddable":true,"href":"https:\/\/www.villa-arthusbertrand.com\/en\/wp-json\/wp\/v2\/users\/8"}],"replies":[{"embeddable":true,"href":"https:\/\/www.villa-arthusbertrand.com\/en\/wp-json\/wp\/v2\/comments?post=2365"}],"version-history":[{"count":6,"href":"https:\/\/www.villa-arthusbertrand.com\/en\/wp-json\/wp\/v2\/posts\/2365\/revisions"}],"predecessor-version":[{"id":2960,"href":"https:\/\/www.villa-arthusbertrand.com\/en\/wp-json\/wp\/v2\/posts\/2365\/revisions\/2960"}],"wp:featuredmedia":[{"embeddable":true,"href":"https:\/\/www.villa-arthusbertrand.com\/en\/wp-json\/wp\/v2\/media\/2366"}],"wp:attachment":[{"href":"https:\/\/www.villa-arthusbertrand.com\/en\/wp-json\/wp\/v2\/media?parent=2365"}],"wp:term":[{"taxonomy":"category","embeddable":true,"href":"https:\/\/www.villa-arthusbertrand.com\/en\/wp-json\/wp\/v2\/categories?post=2365"},{"taxonomy":"post_tag","embeddable":true,"href":"https:\/\/www.villa-arthusbertrand.com\/en\/wp-json\/wp\/v2\/tags?post=2365"}],"curies":[{"name":"wp","href":"https:\/\/api.w.org\/{rel}","templated":true}]}}